{"id":1425,"date":"2021-01-14T14:14:07","date_gmt":"2021-01-14T13:14:07","guid":{"rendered":"https:\/\/new.demartin.nexacenter.org\/?p=1425"},"modified":"2021-01-14T14:14:07","modified_gmt":"2021-01-14T13:14:07","slug":"missione-social-media-responsabili","status":"publish","type":"post","link":"https:\/\/demartin.polito.it\/?p=1425","title":{"rendered":"Missione: social media responsabili"},"content":{"rendered":"<p><em>Testo originariamente apparso su &#8220;La Stampa&#8221; del 13 gennaio 2021 (pp. 22-23 dell&#8217;edizione cartacea e  <a href=\"https:\/\/www.lastampa.it\/topnews\/tempi-moderni\/2021\/01\/13\/news\/missione-social-media-responsabili-si-sono-dati-regole-per-moderare-i-contenuti-ma-a-chi-rispondono-per-le-loro-scelte-1.39765129\">questa pagina<\/a> del sito del quotidiano).<\/em> <\/p>\n<p> Inevitabilmente &#8211; e giustamente &#8211; si discute della rimozione dai social media di quello che per qualche giorno \u00e8 ancora il Presidente degli Stati Uniti, ovvero, l&#8217;uomo pi\u00f9 potente del mondo. Ma la discussione, pur doverosa, non deve farci perdere di vista il problema complessivo. In altre parole, al di l\u00e0 del singolo albero della rimozione di Trump, come \u00e8 fatta la foresta? <\/p>\n<p> La foresta, ovvero, la situazione attuale dei social media, \u00e8 costituita da poche, enormi imprese private che, offrendo piattaforme semplici da usare e di elevate prestazioni, hanno creato i pi\u00f9 grandi spazi di comunicazione della storia dell&#8217;umanit\u00e0. <\/p>\n<p> In proposito, il primo punto fondamentale da capire \u00e8 che la natura privata delle piattaforme non esclude affatto la possibilit\u00e0 di regolarne i comportamenti. Cos\u00ec come, per esempio, un ristorante non pu\u00f2 rifiutare di servire una persona a seconda del genere o del colore della pelle (e di esempi analoghi ne potremmo elencare molti altri), analogamente le piattaforme possono essere soggette a norme specifiche, come la \u201cLegge per migliorare l&#8217;applicazione della legge sui social network\u201d tedesca del 2017 o le recentissime proposte europee, &#8220;Digital Services Act&#8221; e &#8220;Digital Market Act&#8221;. <\/p>\n<p> Il secondo punto da tenere ben presente \u00e8 che, contrariamente a quello che si sente dire spesso in queste ore, negli spazi online delle piattaforme non passa qualsiasi cosa. Da anni, infatti, le imprese di &#8216;social media&#8217; hanno creato al loro interno complesse macchine di moderazione dei contenuti, che usano sia algoritmi, sia moltissimi lavoratori umani con l&#8217;obiettivo di offrire agli utenti ci\u00f2 che si suppone essi vogliano trovare, in modo che passino il pi\u00f9 tempo possibile sulle piattaforme stesse. Quindi tendenzialmente no, per esempio, alla pornografia e anche, in alcuni casi, a immagini di donne che allattano o persino a celeberrime opere d&#8217;arte che ritraggono il corpo umano in modo esplicito. Col tempo le proibizioni si sono estese &#8211; a volte per iniziativa delle piattaforme, a volte per pressione esterna &#8211; e quindi no, per esempio, anche a contenuti legati al terrorismo e alle persecuzioni etniche. Infine di recente l&#8217;attenzione si \u00e8 concentrata sulle assai controverse categorie delle &#8220;notizie false&#8221; e dell'&#8221;odio online&#8221;. <\/p>\n<p> Infine, il terzo punto \u00e8 che a questa moderazione dei contenuti effettuata da attori privati si affianca &#8211; e non potrebbe essere altrimenti &#8211; la legge dello Stato, che proibisce la diffamazione, l&#8217;incitazione alla violenza, il procurato allarme e altri reati. Ci si pu\u00f2 legittimamente interrogare su come rendere pi\u00f9 incisivo e veloce il braccio della Giustizia, ma la legge online c&#8217;\u00e8 e si sente, come dimostrano le ormai molte sentenze per reati commessi online. <\/p>\n<p> Chiariti questi punti chiave, i principali pronblemi che vedo sono tre. <\/p>\n<p> Il primo problema \u00e8 la mancanza di trasparenza. Ogni mese le piattaforme bloccano, escludono, cancellano, rendono poco visibili milioni di utenti, pagine, gruppi, ecc., ma nessuno &#8211; a parte loro &#8211; ha un quadro completo di queste iniziative: chi \u00e8 stato bloccato o oscurato? Per quali motivi? Per quanto tempo? Con quali effetti? Pi\u00f9 in generale, quali sono di preciso le loro regole di moderazione? Non si sa. <\/p>\n<p> Il secondo problema \u00e8 la mancanza di &#8220;accountability&#8221;. A chi rispondono le piattaforme per loro scelte, grandi e piccole? E&#8217; accettabile che le piattaforme, oltre ad applicare regole spesso opache e  variabili, tendenzialmente ancora non garantiscano a tutti gli utenti modalit\u00e0 rapide, eque e trasparenti per appellare le loro decisioni, indipendentemente dal fatto che riguardino Donald Trump o il Sig. Mario Rossi? <\/p>\n<p> Infine, il terzo problema, inesorabilmente legato ai primi due: l&#8217;estrema concentrazione di potere (economico, civile, politico) delle piattaforme. Un pugno di uomini residenti negli Stati Uniti prende decisioni &#8211; non di rado opportunistiche &#8211; che riguardano la sfera comunicativa di miliardi di persone. Giuste o sbagliate che siano le loro decisioni, ci va bene cos\u00ec? La concentrazione tra l&#8217;altro implica l&#8217;assenza di alternative: se non piacciono i &#8220;termini di servizio&#8221; di Facebook o Twitter, infatti, l&#8217;unica alternativa \u00e8 &#8220;scegliere&#8221; di rimanere esclusi dai luoghi dove buona parte dell&#8217;umanit\u00e0 si informa e si confronta. <\/p>\n<p> Che cosa fare? A mio avviso occorre procedere simultaneamente in due direzioni. <\/p>\n<p> La prima \u00e8 ridurre radicalmente la concentrazione di potere del mondo digitale, come si sta discutendo &#8211; anche se ancora abbastanza timidamente &#8211; sia in Europa, sia negli USA, contemplando anche opzioni pubbliche, come fece l&#8217;Europa dopo il nazismo e il fascismo con l&#8217;istituzione di robuste televisioni pubbliche. Concentrazione di potere che, lo diciamo di passaggio, ha impatto non solo sul mondo della comunicazione, ma anche su quali applicazioni possiamo installare (Apple e Google), a chi fornire servizi cloud (Amazon e pochi altri) e se elaborare o meno pagamenti verso determinate persone o entit\u00e0 (Visa e Mastercard). <\/p>\n<p> La seconda direzione \u00e8 pretendere fin da subito, se necessario per legge, che le piattaforme rispettino alcuni sacrosanti principi di trasparenza e &#8216;accountability&#8217;, come per esempio i <a href=\"https:\/\/santaclaraprinciples.org\/\"> Principi di Santa Clara<\/a> del 2019. In attesa della riduzione della concentrazione, intanto almeno si ridurrebbe il livello di opacit\u00e0 e di arbitrariet\u00e0 di spazi che ormai \u2013 piaccia o non piaccia \u2013 sono un&#8217;infrastruttura essenziale delle nostre democrazie. <\/p>\n<p> <em>Testo originariamente apparso su &#8220;La Stampa&#8221; del 13 gennaio 2021 (pp. 22-23 dell&#8217;edizione cartacea e  <a href=\"https:\/\/www.lastampa.it\/topnews\/tempi-moderni\/2021\/01\/13\/news\/missione-social-media-responsabili-si-sono-dati-regole-per-moderare-i-contenuti-ma-a-chi-rispondono-per-le-loro-scelte-1.39765129\">questa pagina<\/a> del sito del quotidiano).<\/em> <!--break--><\/p>\n","protected":false},"excerpt":{"rendered":"<p>Testo originariamente apparso su &#8220;La Stampa&#8221; del 13 gennaio 2021 (pp. 22-23 dell&#8217;edizione cartacea e questa pagina del sito del quotidiano). Inevitabilmente &#8211; e giustamente &#8211; si discute della rimozione dai social media di quello che per qualche giorno \u00e8 ancora il Presidente degli Stati Uniti, ovvero, l&#8217;uomo pi\u00f9 potente del mondo. Ma la discussione, [&hellip;]<\/p>\n","protected":false},"author":1,"featured_media":0,"comment_status":"closed","ping_status":"open","sticky":false,"template":"","format":"standard","meta":{"footnotes":""},"categories":[],"tags":[],"class_list":["post-1425","post","type-post","status-publish","format-standard","hentry"],"_links":{"self":[{"href":"https:\/\/demartin.polito.it\/index.php?rest_route=\/wp\/v2\/posts\/1425","targetHints":{"allow":["GET"]}}],"collection":[{"href":"https:\/\/demartin.polito.it\/index.php?rest_route=\/wp\/v2\/posts"}],"about":[{"href":"https:\/\/demartin.polito.it\/index.php?rest_route=\/wp\/v2\/types\/post"}],"author":[{"embeddable":true,"href":"https:\/\/demartin.polito.it\/index.php?rest_route=\/wp\/v2\/users\/1"}],"replies":[{"embeddable":true,"href":"https:\/\/demartin.polito.it\/index.php?rest_route=%2Fwp%2Fv2%2Fcomments&post=1425"}],"version-history":[{"count":0,"href":"https:\/\/demartin.polito.it\/index.php?rest_route=\/wp\/v2\/posts\/1425\/revisions"}],"wp:attachment":[{"href":"https:\/\/demartin.polito.it\/index.php?rest_route=%2Fwp%2Fv2%2Fmedia&parent=1425"}],"wp:term":[{"taxonomy":"category","embeddable":true,"href":"https:\/\/demartin.polito.it\/index.php?rest_route=%2Fwp%2Fv2%2Fcategories&post=1425"},{"taxonomy":"post_tag","embeddable":true,"href":"https:\/\/demartin.polito.it\/index.php?rest_route=%2Fwp%2Fv2%2Ftags&post=1425"}],"curies":[{"name":"wp","href":"https:\/\/api.w.org\/{rel}","templated":true}]}}