{"id":1426,"date":"2021-06-07T16:11:32","date_gmt":"2021-06-07T14:11:32","guid":{"rendered":"https:\/\/new.demartin.nexacenter.org\/?p=1426"},"modified":"2021-06-07T16:11:32","modified_gmt":"2021-06-07T14:11:32","slug":"la-necessita-di-capire-tempi-difficili","status":"publish","type":"post","link":"https:\/\/demartin.polito.it\/?p=1426","title":{"rendered":"La necessit\u00e0 di capire tempi difficili"},"content":{"rendered":"<p><em>Articolo originariamente apparso su &#8220;Corriere Torino&#8221; del 5 giugno 2021 (pp. 1 e 5).<\/em> <\/p>\n<p> Cercare di capire un avvenimento storico complesso mentre quest\u2019ultimo \u00e8 ancora in corso \u00e8 un\u2019impresa tanto folle quanto necessaria. Folle perch\u00e9 una comprensione ben fondata si inizia a solidificare solo a distanza di anni, se non di decenni; la ricerca \u2013 medica, storica, economica, sociologica, ecc. \u2013 ha i suoi tempi, infatti, che non possono essere forzati. Allo stesso tempo, per\u00f2, cercare di capire un uragano ad uragano ancora in corso \u00e8 impresa necessaria: sia i singoli, sia le collettivit\u00e0, infatti, hanno un enorme bisogno di capire e di orientarsi: che cosa sta succedendo? Quanto durer\u00e0? Che cosa dobbiamo fare nell\u2019immediato? Come proteggere i pi\u00f9 deboli? Quali lezioni trarre per il futuro? Anche se si \u00e8 consapevoli che molti aspetti del fenomeno sono ancora sconosciuti, \u00e8 inevitabile provare ad articolare qualche prima risposta. <\/p>\n<p> Nel caso di una pandemia, come COVID-19, tutto questo \u00e8 vero al massimo grado. Rispetto ad altre emergenze, infatti, come per esempio terremoti o uragani, le pandemie sono fenomeni che oltre ad essere temporalmente molto pi\u00f9 dilatati (si misurano in anni, come stiamo purtroppo imparando), sono anche decisamente pi\u00f9 complessi, un intreccio di elementi naturali, sociali, politici, psicologici, tecnologici, economici e persino culturali. Un po\u2019 folle sperare di orientarsi in tempo reale, ma allo stesso tempo anche assolutamente necessario. E\u2019 quello che ha provato a fare <b>il Politecnico<\/b> con l\u2019iniziativa <a href=https:\/\/www.polito.it\/tempidifficili>\u201cTempi difficili\u201d<\/a>, una serie di <a href=https:\/\/www.biennaletecnologia.it\/tempi-difficili\/programma\">undici incontri<\/a> che ha debuttato il 13 marzo scorso e che si conclude oggi alle 16 con <a href=https:\/\/www.biennaletecnologia.it\/tempi-difficili\/lezione-11-la-sociodemia-diagnosi-e-cura-delle-conseguenze-sociali-della-pandemia>un dibattito<\/a>, coordinato da <b>Luca De Biase<\/b>, che coinvolger\u00e0 il Ministro <b>Enrico Giovannini<\/b>, l\u2019economista <b>Elena Granaglia<\/b> e il coordinatore del Forum Diseguaglianze e Diversit\u00e0 <b>Fabrizio Barca<\/b>. <\/p>\n<p> Con \u201cTempi difficili\u201d il Politecnico ha offerto in primis ai suoi studenti e poi a tutti gli interessati l\u2019occasione per concentrarsi \u2013 al di l\u00e0 del clamore della quotidianit\u00e0 \u2013 su quello che stiamo vivendo. E l\u2019ha fatto chiamando non solo alcuni tra i massimi esperti di pandemie e vaccini come <b>Paolo Vineis<\/b> e <b>Rino Rappuoli<\/b>, ma anche una giornalista come Anna Masera, che ha ricostruito il primo anno di pandemia, un esperto di geopolitica e di complessit\u00e0 come <b>Pier Luigi Fagan<\/b> che ci ha fatto capire in quale congiuntura storica e sociale sia esplosa la COVID-19, uno storico delle pandemie come <b>Guido Alfani<\/b>, una grande esperta di sanit\u00e0 pubblica come <b>Nerina Dirindin<\/b>, uno studioso di digitale e societ\u00e0 come il sottoscritto che ha provato ad analizzare la grande migrazione online provocata dal coronavirus, un noto economista come <b>Cristiano Antonelli<\/b> che ha analizzato lo stato dell\u2019economia dopo un anno di crisi e un filosofo come <b>Enrico Donaggio<\/b>, che ha aiutato a mettere a fuoco i concetti pi\u00f9 adatti per pensare alla pandemia. <\/p>\n<p> Un percorso interdisciplinare, arricchito da suggerimenti per ulteriori approfondimenti e liberamente fruibile online, che ha riscosso un notevole successo anche al di fuori della comunit\u00e0 accademica del Politecnico: sono, infatti, gi\u00e0 <b>pi\u00f9 di ventiquattromila gli spettatori<\/b>, in diretta o in differita, di \u201cTempi difficili\u201d. La conferma che, nonostante la follia dell\u2019impresa, era comunque opportuno, anzi, necessario, provare a dare un senso ai nostri pensieri, ai nostri sacrifici, alle nostre azioni. Naturalmente molto resta ancora da approfondire e da capire, e da questo punto di vista potrebbe davvero valer la pena, magari unendo le forze coi colleghi dell\u2019Universit\u00e0 di Torino, organizzare \u201cTempi difficili 2\u201d, ma intanto il Politecnico \u2013 sentendo una responsabilit\u00e0 civile oltre che educativa \u2013 ha provato a dare un primo contributo. <\/p>\n<p> <em>Articolo originariamente apparso su &#8220;Corriere Torino&#8221; del 5 giugno 2021 (pp. 1 e 5).<\/em> <!--break--><\/p>\n","protected":false},"excerpt":{"rendered":"<p>Articolo originariamente apparso su &#8220;Corriere Torino&#8221; del 5 giugno 2021 (pp. 1 e 5). Cercare di capire un avvenimento storico complesso mentre quest\u2019ultimo \u00e8 ancora in corso \u00e8 un\u2019impresa tanto folle quanto necessaria. Folle perch\u00e9 una comprensione ben fondata si inizia a solidificare solo a distanza di anni, se non di decenni; la ricerca \u2013 [&hellip;]<\/p>\n","protected":false},"author":1,"featured_media":0,"comment_status":"closed","ping_status":"open","sticky":false,"template":"","format":"standard","meta":{"footnotes":""},"categories":[],"tags":[],"class_list":["post-1426","post","type-post","status-publish","format-standard","hentry"],"_links":{"self":[{"href":"https:\/\/demartin.polito.it\/index.php?rest_route=\/wp\/v2\/posts\/1426","targetHints":{"allow":["GET"]}}],"collection":[{"href":"https:\/\/demartin.polito.it\/index.php?rest_route=\/wp\/v2\/posts"}],"about":[{"href":"https:\/\/demartin.polito.it\/index.php?rest_route=\/wp\/v2\/types\/post"}],"author":[{"embeddable":true,"href":"https:\/\/demartin.polito.it\/index.php?rest_route=\/wp\/v2\/users\/1"}],"replies":[{"embeddable":true,"href":"https:\/\/demartin.polito.it\/index.php?rest_route=%2Fwp%2Fv2%2Fcomments&post=1426"}],"version-history":[{"count":0,"href":"https:\/\/demartin.polito.it\/index.php?rest_route=\/wp\/v2\/posts\/1426\/revisions"}],"wp:attachment":[{"href":"https:\/\/demartin.polito.it\/index.php?rest_route=%2Fwp%2Fv2%2Fmedia&parent=1426"}],"wp:term":[{"taxonomy":"category","embeddable":true,"href":"https:\/\/demartin.polito.it\/index.php?rest_route=%2Fwp%2Fv2%2Fcategories&post=1426"},{"taxonomy":"post_tag","embeddable":true,"href":"https:\/\/demartin.polito.it\/index.php?rest_route=%2Fwp%2Fv2%2Ftags&post=1426"}],"curies":[{"name":"wp","href":"https:\/\/api.w.org\/{rel}","templated":true}]}}