{"id":1431,"date":"2021-11-06T13:22:26","date_gmt":"2021-11-06T12:22:26","guid":{"rendered":"https:\/\/new.demartin.nexacenter.org\/?p=1431"},"modified":"2021-11-06T13:22:26","modified_gmt":"2021-11-06T12:22:26","slug":"6-novembre-2019","status":"publish","type":"post","link":"https:\/\/demartin.polito.it\/?p=1431","title":{"rendered":"6 Novembre 2019"},"content":{"rendered":"<p>Due anni fa a quest\u2019ora eravamo alla vigilia del <b>Festival della Tecnologia<\/b>, il cui sottotitolo era: <em>&#8220;Tecnologia e\/\u00e8 umanit\u00e0\u201d<\/em>. Il 7 novembre 2019, infatti, avremmo inaugurato la grande festa per i 160 anni del Politecnico con una <a href=\"https:\/\/2019.festivaltecnologia.it\/sessioni\/lezione-inaugurale-e-cerimonia-di-conferimento-della-laurea-ad-honorem-ingegneria\">lectio magistralis del grandissimo Joseph E. Stiglitz<\/a>, a cui sarebbero seguiti <a href=\"https:\/\/2019.festivaltecnologia.it\/programma\">3 giorni intensissimi di incontri (circa 160), spettacoli, mostre, concerti, laboratori per bambini, ecc. <\/a>, organizzati insieme a decine di partner. <\/p>\n<p> In quel 6 novembre 2019 non eravamo affatto sicuri che il grande pubblico (a partire dai nostri studenti) sarebbe stato attratto da un tema come tecnologia e societ\u00e0&#8230; Sarebbero venuti? Anche il sabato e la domenica mattina? Ovviamente speravamo di s\u00ec, ma non ne eravamo affatto sicuri. Abbiamo quindi rischiato. <\/p>\n<p> La risposta del pubblico alla nostra proposta fu nientemeno che eccezionale. Commovente. 50.000 persone di tutti i tipi (tra cui migliaia di nostri studenti), infatti, varcarono la soglia del Politecnico per affollare gli incontri del Festival, moltissimi dei quali tutti esauriti. <\/p>\n<p> Un successo cos\u00ec emozionante, quello del Festival della Tecnologia, da indurre tutti a chiedere al Politecnico di farlo diventare un appuntamento ricorrente. <a href=\"https:\/\/2019.festivaltecnologia.it\/blog\/arrivederci-al-2020-dal-12-al-15-novembre-la-prima-edizione-di-biennale-tecnologia\">Nasceva cos\u00ec Biennale Tecnologia<\/a>, la manifestazione sorella di <a href=\"https:\/\/biennaleddemocrazia.it\">Biennale Democrazia<\/a> (nata nel 2009), con cui si sarebbe alternata negli anni pari mantenendo lo stesso sottotitolo del Festival, ovvero: &#8220;Tecnologia e\/\u00e8 umanit\u00e0&#8221;. <\/p>\n<p> La <a href=\"https:\/\/2020.biennaletecnologia.it\/\">prima edizione di Biennale Tecnologia<\/a> la tenemmo &#8211; ahim\u00e9, tutta online &#8211; un anno fa e ora siamo gi\u00e0 al lavoro con l&#8217;amico Luca De Biase per la seconda edizione, che si terr\u00e0 a met\u00e0 novembre 2022. <\/p>\n<p> Ma tutto nacque da quella scommessa vinta due anni fa, che dimostr\u00f2 come nel pubblico ci fosse un\u2019enorme richiesta insoddisfatta di ragionamenti accessibili, ma seri sul rapporto tra tecnologia e societ\u00e0, tecnologia e ambiente, tecnologia e vita personale, tecnologia e arte, ecc. <\/p>\n<p> Un\u2019esperienza memorabile, quella del Festival della Tecnologia del 2019, ben catturata da questo breve video: <\/p>\n<p> <iframe loading=\"lazy\" width=\"560\" height=\"315\" src=\"https:\/\/www.youtube.com\/embed\/SccE8hlAtjY\" title=\"YouTube video player\" frameborder=\"0\" allow=\"accelerometer; autoplay; clipboard-write; encrypted-media; gyroscope; picture-in-picture\" allowfullscreen><\/iframe> <\/p>\n<p> Un\u2019esperienza che speriamo di replicare, con pari entusiasmo e con successo se possibile ancora maggiore, tra un anno esatto. <!--break--><\/p>\n","protected":false},"excerpt":{"rendered":"<p>Due anni fa a quest\u2019ora eravamo alla vigilia del Festival della Tecnologia, il cui sottotitolo era: &#8220;Tecnologia e\/\u00e8 umanit\u00e0\u201d. Il 7 novembre 2019, infatti, avremmo inaugurato la grande festa per i 160 anni del Politecnico con una lectio magistralis del grandissimo Joseph E. Stiglitz, a cui sarebbero seguiti 3 giorni intensissimi di incontri (circa 160), [&hellip;]<\/p>\n","protected":false},"author":1,"featured_media":0,"comment_status":"closed","ping_status":"open","sticky":false,"template":"","format":"standard","meta":{"footnotes":""},"categories":[],"tags":[],"class_list":["post-1431","post","type-post","status-publish","format-standard","hentry"],"_links":{"self":[{"href":"https:\/\/demartin.polito.it\/index.php?rest_route=\/wp\/v2\/posts\/1431","targetHints":{"allow":["GET"]}}],"collection":[{"href":"https:\/\/demartin.polito.it\/index.php?rest_route=\/wp\/v2\/posts"}],"about":[{"href":"https:\/\/demartin.polito.it\/index.php?rest_route=\/wp\/v2\/types\/post"}],"author":[{"embeddable":true,"href":"https:\/\/demartin.polito.it\/index.php?rest_route=\/wp\/v2\/users\/1"}],"replies":[{"embeddable":true,"href":"https:\/\/demartin.polito.it\/index.php?rest_route=%2Fwp%2Fv2%2Fcomments&post=1431"}],"version-history":[{"count":0,"href":"https:\/\/demartin.polito.it\/index.php?rest_route=\/wp\/v2\/posts\/1431\/revisions"}],"wp:attachment":[{"href":"https:\/\/demartin.polito.it\/index.php?rest_route=%2Fwp%2Fv2%2Fmedia&parent=1431"}],"wp:term":[{"taxonomy":"category","embeddable":true,"href":"https:\/\/demartin.polito.it\/index.php?rest_route=%2Fwp%2Fv2%2Fcategories&post=1431"},{"taxonomy":"post_tag","embeddable":true,"href":"https:\/\/demartin.polito.it\/index.php?rest_route=%2Fwp%2Fv2%2Ftags&post=1431"}],"curies":[{"name":"wp","href":"https:\/\/api.w.org\/{rel}","templated":true}]}}