{"id":1436,"date":"2023-03-16T11:36:02","date_gmt":"2023-03-16T10:36:02","guid":{"rendered":"https:\/\/new.demartin.nexacenter.org\/?p=1436"},"modified":"2023-03-16T11:36:02","modified_gmt":"2023-03-16T10:36:02","slug":"gli-ultimi-cinque-anni-al-politecnico","status":"publish","type":"post","link":"https:\/\/demartin.polito.it\/?p=1436","title":{"rendered":"Gli ultimi cinque anni al Politecnico"},"content":{"rendered":"<p>Cinque anni fa oggi (il 16 marzo 2018) iniziava una parte della mia vita molto impegnativa, e a tratti difficile, ma ricchissima di soddisfazioni. Se cinque anni fa, infatti, qualcuno mi avesse detto che &#8211; oltre al resto (che \u00e8 tanto: moltissimo lavoro, infatti, \u00e8 stato fatto dietro le quinte e sotto al cofano) &#8211; sarebbero nate <a \"href=https:\/\/www.biennaletecnologia.it\">Biennale Tecnologia<\/a>, di cui abbiamo gi\u00e0 fatto tre edizioni e stiamo gi\u00e0 lavorando alla quarta, &#8220;Tempi difficili&#8221; (<a href=\"https:\/\/2022.biennaletecnologia.it\/tempi-difficili\">edizione 2021<\/a>, dedicata alla pandemia, ed \u00e8 iniziata ieri l&#8217;<a href=https:\/\/www.biennaletecnologia.it\/tempi-difficili-2023-guerra-pace\">edizione 2023<\/a>, dedicata alla guerra e alla pace), <a href=\"https:\/\/www.polito.it\/impatto-sociale\/cultura\/cicli-di-incontri\/cinque-libri\">&#8220;Cinque libri&#8221;<\/a>, <a href=\"https:\/\/www.polito.it\/impatto-sociale\/cultura\/cicli-di-incontri\/liberi-libri\">&#8220;LiberiLibri&#8221;<\/a>; che avremmo avuto un <a href=\"https:\/\/www.polito.it\/ateneo\/comunicazione-e-ufficio-stampa\/comunicati-stampa\/un-nuovo-logo-per-il-politecnico-di-torino\">nuovo logo del Politecnico<\/a>, con corrispondente nuova identit\u00e0 visiva e un nuovo sito web (rifatto da zero per la prima volta in 25 anni); che sarebbe nato il <a href=\"https:\/\/www.polito.it\/impatto-sociale\/centro-studi-theseus\">Centro Theseus su tecnologia, umanit\u00e0 e societ\u00e0<\/a>, con relative assunzioni di umanisti e scienziati sociali; che tutti gli studenti di ingegneria avrebbero seguito un <a href=\"https:\/\/www.polito.it\/didattica\/teaching-lab-progetti-didattici\/grandi-sfide\">corso &#8220;Grandi sfide&#8221;<\/a>, co-insegnato da un ingegnere e uno scienziato sociale o umano (con lezioni introduttive di Jeffrey Sachs e Telmo Pievani, tra l&#8217;altro <a href=\"https:\/\/youtube.com\/playlist?list=PLI9o1OThVB5C8o-TIdD0t6u4iRTOf93_P\">liberamente accessibili online<\/a>), ebbene, probabilmente non ci avrei creduto. <br \/> Invece \u00e8 successo. Naturalmente grazie al sostegno del Rettore Guido Saracco, degli Organi di Governo, di molti colleghi e di una squadra di collaboratori eccezionali. <br \/> In ogni caso, per\u00f2, non \u00e8 mica finita: manca un anno. E in un anno si possono ancora fare tante cose, per il Politecnico con tutta la sua comunit\u00e0 accademica, per Torino e, perch\u00e9 no, un po&#8217; per tutti. <img decoding=\"async\" src=\"https:\/\/demartin.polito.it\/sites\/demartin.polito.it\/files\/Poli-16marzo2018.jpg\" alt=\"Incontro pubblico per l'inizio del mandato del Rettore Guido Saracco 16 marzo 2018\" width=\"450\"> <!--break--><\/p>\n","protected":false},"excerpt":{"rendered":"<p>Cinque anni fa oggi (il 16 marzo 2018) iniziava una parte della mia vita molto impegnativa, e a tratti difficile, ma ricchissima di soddisfazioni. Se cinque anni fa, infatti, qualcuno mi avesse detto che &#8211; oltre al resto (che \u00e8 tanto: moltissimo lavoro, infatti, \u00e8 stato fatto dietro le quinte e sotto al cofano) &#8211; [&hellip;]<\/p>\n","protected":false},"author":1,"featured_media":0,"comment_status":"closed","ping_status":"open","sticky":false,"template":"","format":"standard","meta":{"footnotes":""},"categories":[],"tags":[],"class_list":["post-1436","post","type-post","status-publish","format-standard","hentry"],"_links":{"self":[{"href":"https:\/\/demartin.polito.it\/index.php?rest_route=\/wp\/v2\/posts\/1436","targetHints":{"allow":["GET"]}}],"collection":[{"href":"https:\/\/demartin.polito.it\/index.php?rest_route=\/wp\/v2\/posts"}],"about":[{"href":"https:\/\/demartin.polito.it\/index.php?rest_route=\/wp\/v2\/types\/post"}],"author":[{"embeddable":true,"href":"https:\/\/demartin.polito.it\/index.php?rest_route=\/wp\/v2\/users\/1"}],"replies":[{"embeddable":true,"href":"https:\/\/demartin.polito.it\/index.php?rest_route=%2Fwp%2Fv2%2Fcomments&post=1436"}],"version-history":[{"count":0,"href":"https:\/\/demartin.polito.it\/index.php?rest_route=\/wp\/v2\/posts\/1436\/revisions"}],"wp:attachment":[{"href":"https:\/\/demartin.polito.it\/index.php?rest_route=%2Fwp%2Fv2%2Fmedia&parent=1436"}],"wp:term":[{"taxonomy":"category","embeddable":true,"href":"https:\/\/demartin.polito.it\/index.php?rest_route=%2Fwp%2Fv2%2Fcategories&post=1436"},{"taxonomy":"post_tag","embeddable":true,"href":"https:\/\/demartin.polito.it\/index.php?rest_route=%2Fwp%2Fv2%2Ftags&post=1436"}],"curies":[{"name":"wp","href":"https:\/\/api.w.org\/{rel}","templated":true}]}}