{"id":1438,"date":"2023-08-15T17:35:36","date_gmt":"2023-08-15T15:35:36","guid":{"rendered":"https:\/\/new.demartin.nexacenter.org\/?p=1438"},"modified":"2023-08-15T17:35:36","modified_gmt":"2023-08-15T15:35:36","slug":"contro-lo-smartphone-per-una-tecnologia-piu-democratica","status":"publish","type":"post","link":"https:\/\/demartin.polito.it\/?p=1438","title":{"rendered":"&#8220;Contro lo smartphone &#8211; Per una tecnologia pi\u00f9 democratica&#8221;"},"content":{"rendered":"<p> <b><em>Dal 23 settembre 2024 il PDF libro \u00e8 anche disponibile online con licenza Creative Commons <a href=\"https:\/\/demartin.polito.it\/pubblicazioni\">qui<\/a>.<\/em><\/b> <\/p>\n<p> Il 22 settembre 2023 \u00e8 uscito il mio secondo libro dal titolo: <a href=\"https:\/\/www.addeditore.it\/catalogo\/juan-carlos-de-martin-contro-lo-smartphone\/\">&#8220;Contro lo smartphone &#8211; Per una tecnologia pi\u00f9 democratica&#8221;<\/a> (ADD Editore), con prefazione di Gustavo Zagrebelsky.  <\/p>\n<blockquote><p> Lo usiamo tutti, nel 2021 ne sono stati venduti circa un miliardo e mezzo. Se in questi anni c\u2019\u00e8 stata una rivoluzione tecnologica, lo smartphone ne \u00e8 il simbolo e in questo libro Juan Carlos De Martin affronta la questione da tutti i punti di vista, partendo da un dato di cui pochi colgono la straordinariet\u00e0: \u00e8 necessario. Come \u00e8 fatto, chi ne gestisce sistema operativo, store e dati, quali sono le conseguenze sociali che lo smartphone ha sul mondo. Ma un modo migliore per usare questa tecnologia c\u2019\u00e8: De Martin lo propone nel manifesto finale, dove immagina un mondo in cui l\u2019uomo sia padrone della macchina e possa servirsene con fiducia.  Un libro che ci invita a riflettere su una mutazione epocale passata quasi inosservata, con la convinzione che un altro mondo \u00e8 possibile. <\/p><\/blockquote>\n<p> <\/p>\n<blockquote><p> \u00abNon era mai successo nella storia dell\u2019umanit\u00e0 che una macchina diventasse necessaria nella vita quotidiana di miliardi di persone. \u00c8 arrivato il momento di chiederci cosa stiamo facendo.\u00bb <\/p><\/blockquote>\n<p> <em><b>Per conoscere i prossimi incontri e per una rassegna stampa aggiornata vedere il <a href=\"https:\/\/www.addeditore.it\/catalogo\/juan-carlos-de-martin-contro-lo-smartphone\/\">sito dell&#8217;editore<\/a><\/b><\/em>. <\/p>\n<p> <b>INCONTRI PUBBLICI (elenco non aggiornato)<\/b> <\/p>\n<ul>\n<li>23 settembre 2023, ore 12:30, <em>Piacenza<\/em>, Festival del pensare contemporaneo, <a href=\"https:\/\/www.pensarecontemporaneo.it\/eventi\/contro-lo-smartphone\/\">&#8220;Contro lo smartphone&#8221;<\/a>, con Stefano Moroni.<\/li>\n<li>28 settembre 2023, ore 18:00, <em>Torino<\/em>, Libreria Bodoni, via Carlo Alberto 41, con Gustavo Zagrebelsky e Alessandra Quarta.<\/li>\n<li>26 ottobre 2023, ore 18:00, <em>Torino<\/em>, Circolo dei Lettori, <a href=\"https:\/\/torino.circololettori.it\/contro-lo-smartphone\/\">&#8220;Contro lo smartphone&#8221;<\/a>, con Bruno Ruffilli.<\/li>\n<li>29 ottobre 2023, ore 15:00, <em>Genova<\/em>, Palazzo Ducale, Festival della Scienza, <a href=\"https:\/\/www.festivalscienza.it\/programma-2023\/contro-lo-smartphone\">&#8220;Contro lo smartphone &#8211; Per una tecnologia pi\u00f9 democratica&#8221;<\/a>.<\/li>\n<li><b>9 novembre 2023<\/b>, ore 18:00, <em>Milano<\/em>, Libreria Hoepli, <a href=\"https:\/\/www.hoepli.it\/evento\/controlosmartphone.html\">&#8220;Contro lo smartphone&#8221;<\/a>, con Andrea Daniele Signorelli.<\/li>\n<li><b>10 novembre 2023<\/b>, ore 18:30, <em>Torino<\/em>, Fondazione Amendola, via Tollegno 52, con Rosita Rijtano e Fabio Malagnino.<\/li>\n<li><b>1 dicembre 2023<\/b>, <em>Firenze<\/em>, Salone dei Cinquecento di Palazzo Vecchio, Wired Next Fest.<\/li>\n<li><b>9 dicembre 2023<\/b>, <em>Roma<\/em>, <a href=\"https:\/\/plpl.it\/\">&#8220;Pi\u00f9 liberi pi\u00f9 libri&#8221;<\/a>, La Nuvola.<\/li>\n<\/ul>\n<p> <b>INTERVISTE, ARTICOLI, RECENSIONI, RADIO E TV (elenco non aggiornato)<\/b> <\/p>\n<ul>\n<li>Alessio Nisi, <a href=\"https:\/\/www.vita.it\/storie-e-persone\/contro-gli-smartphone-no-ma-occhio-a-una-tecnologia-senza-democrazia\/\">Contro gli smartphone? No, ma occhio a una tecnologia senza democrazia<\/a>, intervista, Vita.it, 14 settembre 2023.<\/li>\n<li>Juan Carlos De Martin, &#8220;Nemico smartphone&#8221;, &#8220;Robinson&#8221; (inserto culturale de La Repubblica), pp. 42-43, 17 settembre 2023 (<a href=\"https:\/\/sbilanciamoci.info\/contro-lo-smartphone-per-una-tecnologia-piu-democratica\/\">disponibile qui<\/a> in forma leggermente rivista).<\/li>\n<li> Rai Radio 1, <a href=\"https:\/\/www.raiplaysound.it\/audio\/2023\/09\/Wannabe-Il-futuro-che-vorrei-del-19092023-7f2c164a-5299-4f9a-a969-29c8442cb454.html\">&#8220;Wannabe&#8221;<\/a>, 19 settembre 2023.<\/li>\n<li>Claudio Baroni, &#8220;Smartphone: strumento di vista (e di controllo)&#8221;, Giornale di Brescia, p. 7, 20 settembre 2023.<\/li>\n<li>Radio Capital, <a href=\"https:\/\/www.capital.it\/programmi\/i-miracolati\/puntate\/le-mattine-pt-1-i-miracolati-del-21-09-2023\/\">&#8220;I Miracolati&#8221;<\/a>, 21 settembre 2023.<\/li>\n<li>Michele Gravino, <a href=\"https:\/\/www.repubblica.it\/venerdi\/2023\/09\/23\/news\/contro_smartphone_libro_juan_carlos_de_martin-415317627\/\">&#8220;Tutti schiavi del telefonino. Ma liberarsi si pu\u00f2&#8221;<\/a>, intervista, il Venerd\u00ec di Repubblica, pp. 60-63, 22 settembre 2023.<\/li>\n<li>Gustavo Zagrebelsky, <a href=\"https:\/\/www.lastampa.it\/tuttolibri\/2023\/09\/23\/recensione\/lo_smartphone_e_rivoluzionario_come_la_ruota_ma_capire_come_funziona_e_molto_piu_difficile-13397452\/\">&#8220;La smartphone \u00e8 rivoluzionario come la ruota ma capire come funziona \u00e8 molto pi\u00f9 difficile&#8221;<\/a>, estratto dalla prefazione al libro, TuttoLibri, La Stampa, pp. 16-17, 23 settembre 2023.<\/li>\n<li>Leo Essen, <a href=\"https:\/\/contropiano.org\/news\/cultura-news\/2023\/09\/25\/contro-lo-smartphone-per-una-tecnologia-piu-democratica-0164547\">&#8220;Contro lo smartphone &#8211; Per una tecnologia pi\u00f9 democratica&#8221;<\/a>, Contropiano, 25 settembre 2023.<\/li>\n<li>Dario Campione, <a href=\"https:\/\/www.cdt.ch\/news\/perche-siamo-schiavi-dello-smartphone-e-nessuno-di-noi-vuole-ribellarsi-328603\">Perch\u00e9 siamo schiavi dello smartphone e nessuno di noi vuole ribellarsi?<\/a>, Corriere del Ticino, 30 settembre 2023.<\/li>\n<li>Francesco Guglieri, <a href=\"https:\/\/demartin.polito.it\/sites\/demartin.polito.it\/files\/Article-Guglieri-Tecnologia%20il%20grande%20impensato%20dei%20nostri%20tempi-La%20Repubblica%20Torino-04-10-2023.pdf\">&#8220;Tecnologia, il grande &#8220;impensato&#8221; dei nostri tempi&#8221;<\/a>, la Repubblica Torino, p. 12, 4 ottobre 2023.<\/li>\n<li>Lorenza Fruci, <a href=\"https:\/\/www.ilmattino.it\/cultura\/libri\/contro_lo_smartphone_juan_carlos_de_martin-7699178.html\">&#8220;Juan Carlos De Martin, Contro lo smartphone: come disintossicarsi dallo smartphone&#8221;<\/a>, Il Mattino, p. 13 (con richiamo in prima pagina), 18 ottobre 2023.<\/li>\n<li>Luca De Biase, <a href=\"https:\/\/www.lasvolta.it\/9985\/il-potere-del-telefono\">&#8220;Il potere del telefono&#8221;<\/a>, La Svolta, 19 ottobre 2023.<\/li>\n<li>TG1 RAI, <a href=\"https:\/\/www.rainews.it\/notiziari\/tg1\/video\/2023\/10\/Tg1-ore-1330-del-23102023-8c9e5e40-e4db-4f79-a1f2-0f9442a5c924.html\">edizione delle 13:30<\/a>, al minuto 36, 23 ottobre 2023.<\/li>\n<li>TV2000, <a href=\"https:\/\/www.tv2000.it\/dibuonmattino\/\">&#8220;Di buon mattino&#8221;<\/a>, qui la <a href=\"https:\/\/youtu.be\/Er_xX4cgDrk\">registrazione della puntata<\/a>, dal minuto 28, 24 ottobre 2023.<\/li>\n<li>Rai Radio 3, <a href=\"https:\/\/www.raiplaysound.it\/audio\/2023\/10\/Tutta-la-citta-ne-parla-del-27102023-1e99bb3a-db04-4f64-b2a0-d03c0fd8249c.html\">&#8220;Tutta la citt\u00e0 ne parla&#8221;<\/a>, 27 ottobre 2023.<\/li>\n<li>Raffaele Simone, <a href=\"https:\/\/www.editorialedomani.it\/idee\/cultura\/inquina-ci-spia-ci-deconcentra-davvero-lo-smartphone-e-progresso-hw7ltja1\">&#8220;Inquina, ci spia, ci deconcentra. Davvero lo smartphone \u00e8 progresso?&#8221;<\/a>, Domani, p. 15, 30 ottobre 2023. <\/ul>\n<p> <!--break--><\/p>\n","protected":false},"excerpt":{"rendered":"<p>Dal 23 settembre 2024 il PDF libro \u00e8 anche disponibile online con licenza Creative Commons qui. Il 22 settembre 2023 \u00e8 uscito il mio secondo libro dal titolo: &#8220;Contro lo smartphone &#8211; Per una tecnologia pi\u00f9 democratica&#8221; (ADD Editore), con prefazione di Gustavo Zagrebelsky. Lo usiamo tutti, nel 2021 ne sono stati venduti circa un [&hellip;]<\/p>\n","protected":false},"author":1,"featured_media":0,"comment_status":"closed","ping_status":"open","sticky":false,"template":"","format":"standard","meta":{"footnotes":""},"categories":[],"tags":[],"class_list":["post-1438","post","type-post","status-publish","format-standard","hentry"],"_links":{"self":[{"href":"https:\/\/demartin.polito.it\/index.php?rest_route=\/wp\/v2\/posts\/1438","targetHints":{"allow":["GET"]}}],"collection":[{"href":"https:\/\/demartin.polito.it\/index.php?rest_route=\/wp\/v2\/posts"}],"about":[{"href":"https:\/\/demartin.polito.it\/index.php?rest_route=\/wp\/v2\/types\/post"}],"author":[{"embeddable":true,"href":"https:\/\/demartin.polito.it\/index.php?rest_route=\/wp\/v2\/users\/1"}],"replies":[{"embeddable":true,"href":"https:\/\/demartin.polito.it\/index.php?rest_route=%2Fwp%2Fv2%2Fcomments&post=1438"}],"version-history":[{"count":0,"href":"https:\/\/demartin.polito.it\/index.php?rest_route=\/wp\/v2\/posts\/1438\/revisions"}],"wp:attachment":[{"href":"https:\/\/demartin.polito.it\/index.php?rest_route=%2Fwp%2Fv2%2Fmedia&parent=1438"}],"wp:term":[{"taxonomy":"category","embeddable":true,"href":"https:\/\/demartin.polito.it\/index.php?rest_route=%2Fwp%2Fv2%2Fcategories&post=1438"},{"taxonomy":"post_tag","embeddable":true,"href":"https:\/\/demartin.polito.it\/index.php?rest_route=%2Fwp%2Fv2%2Ftags&post=1438"}],"curies":[{"name":"wp","href":"https:\/\/api.w.org\/{rel}","templated":true}]}}