{"id":1689,"date":"2025-04-30T12:32:51","date_gmt":"2025-04-30T10:32:51","guid":{"rendered":"https:\/\/demartin.polito.it\/?p=1689"},"modified":"2025-04-30T12:33:49","modified_gmt":"2025-04-30T10:33:49","slug":"la-nostra-vita-sugli-smartphone-non-e-al-sicuro","status":"publish","type":"post","link":"https:\/\/demartin.polito.it\/?p=1689","title":{"rendered":"&#8220;La nostra vita sugli smartphone non \u00e8 al sicuro&#8221;"},"content":{"rendered":"\n<p><em>Il Manifesto, 30 aprile 2025<\/em><\/p>\n\n\n\n<p><strong>TECNOLOGIA\u00a0<\/strong><em>Il blackout di Madrid manda un messaggio molto chiaro: attenzione a concentrare cos\u00ec tante funzionalit\u00e0 e servizi, sia pubblici, sia privati, sullo smartphone.<\/em><\/p>\n\n\n\n<p>Il blackout di Madrid manda un messaggio molto chiaro: attenzione a concentrare cos\u00ec tante funzionalit\u00e0 e servizi, sia pubblici, sia privati, sullo smartphone. O pi\u00f9 precisamente: attenzione a farlo senza lasciare alternative reali funzionanti. Perch\u00e9 lo smartphone funzioni, infatti, devono essere soddisfatte due condizioni: Internet deve funzionare (sia l\u2019accesso wireless, sia l\u2019infrastruttura complessiva, fatta di cavi, data centers, apparecchiature di rete e molto altro) e deve esserci elettricit\u00e0 per caricare la batteria (oltre che per far funzionare Internet). La rivoluzione informatica, infatti, di cui lo smartphone \u00e8 la manifestazione pi\u00f9 evidente \u2013 lo smartphone, a dispetto del nome, \u00e8 innanzitutto un computer palmare \u2013 \u00e8 figlia della storicamente precedente, ma ancora attualissima, rivoluzione elettrica. No elettricit\u00e0, no digitale, con tutto ci\u00f2 che comporta per un mondo come il nostro ormai cos\u00ec pervasivamente computerizzato.<\/p>\n\n\n\n<p>[&#8230;]<\/p>\n\n\n\n<p class=\"has-contrast-color has-text-color has-link-color wp-elements-2eba3195f072313115a563ea0b07c5f4\">Continua sul <a href=\"https:\/\/ilmanifesto.it\/la-nostra-vita-sugli-smartphone-non-e-al-sicuro\">sito del Manifesto<\/a>.<\/p>\n","protected":false},"excerpt":{"rendered":"<p>Il Manifesto, 30 aprile 2025 | TECNOLOGIA | Il blackout di Madrid manda un messaggio molto chiaro: attenzione a concentrare cos\u00ec tante funzionalit\u00e0 e servizi, sia pubblici, sia privati, sullo smartphone. Il blackout di Madrid manda un messaggio molto chiaro: attenzione a concentrare cos\u00ec tante funzionalit\u00e0 e servizi, sia pubblici, sia privati, sullo smartphone [&#8230;]<\/p>\n","protected":false},"author":1,"featured_media":0,"comment_status":"closed","ping_status":"open","sticky":false,"template":"","format":"standard","meta":{"footnotes":""},"categories":[1],"tags":[],"class_list":["post-1689","post","type-post","status-publish","format-standard","hentry","category-senza-categoria"],"_links":{"self":[{"href":"https:\/\/demartin.polito.it\/index.php?rest_route=\/wp\/v2\/posts\/1689","targetHints":{"allow":["GET"]}}],"collection":[{"href":"https:\/\/demartin.polito.it\/index.php?rest_route=\/wp\/v2\/posts"}],"about":[{"href":"https:\/\/demartin.polito.it\/index.php?rest_route=\/wp\/v2\/types\/post"}],"author":[{"embeddable":true,"href":"https:\/\/demartin.polito.it\/index.php?rest_route=\/wp\/v2\/users\/1"}],"replies":[{"embeddable":true,"href":"https:\/\/demartin.polito.it\/index.php?rest_route=%2Fwp%2Fv2%2Fcomments&post=1689"}],"version-history":[{"count":3,"href":"https:\/\/demartin.polito.it\/index.php?rest_route=\/wp\/v2\/posts\/1689\/revisions"}],"predecessor-version":[{"id":1692,"href":"https:\/\/demartin.polito.it\/index.php?rest_route=\/wp\/v2\/posts\/1689\/revisions\/1692"}],"wp:attachment":[{"href":"https:\/\/demartin.polito.it\/index.php?rest_route=%2Fwp%2Fv2%2Fmedia&parent=1689"}],"wp:term":[{"taxonomy":"category","embeddable":true,"href":"https:\/\/demartin.polito.it\/index.php?rest_route=%2Fwp%2Fv2%2Fcategories&post=1689"},{"taxonomy":"post_tag","embeddable":true,"href":"https:\/\/demartin.polito.it\/index.php?rest_route=%2Fwp%2Fv2%2Ftags&post=1689"}],"curies":[{"name":"wp","href":"https:\/\/api.w.org\/{rel}","templated":true}]}}